{"id":665,"date":"2018-05-26T11:04:22","date_gmt":"2018-05-26T09:04:22","guid":{"rendered":"http:\/\/www.spolek-amonit.cz\/?p=665"},"modified":"2022-03-09T09:40:57","modified_gmt":"2022-03-09T08:40:57","slug":"pozvanka-na-letrni-slunovrat-2018","status":"publish","type":"post","link":"https:\/\/www.spolek-amonit.cz\/index.php\/2018\/05\/26\/pozvanka-na-letrni-slunovrat-2018\/","title":{"rendered":"Pozv\u00e1nka na Letrn\u00ed slunovrat 2018"},"content":{"rendered":"<p>Viz tak\u00e9<a href=\"https:\/\/www.spolek-amonit.cz\/index.php\/event\/oslava-letniho-slunovratu-2018\/\"> ud\u00e1losti<\/a><\/p>\n<p><a href=\"https:\/\/www.spolek-amonit.cz\/wp-content\/uploads\/2018\/05\/Amonit_Oslava_letniho_slunovratu2018_plakat.pdf\" target=\"_blank\" rel=\"noopener\"><img loading=\"lazy\" decoding=\"async\" class=\"alignnone wp-image-670 size-full\" src=\"https:\/\/www.spolek-amonit.cz\/wp-content\/uploads\/2018\/05\/letni-slunovrat-2018.png\" alt=\"\" width=\"631\" height=\"816\" srcset=\"https:\/\/www.spolek-amonit.cz\/wp-content\/uploads\/2018\/05\/letni-slunovrat-2018.png 631w, https:\/\/www.spolek-amonit.cz\/wp-content\/uploads\/2018\/05\/letni-slunovrat-2018-232x300.png 232w\" sizes=\"auto, (max-width: 631px) 100vw, 631px\" \/><\/a><\/p>\n","protected":false},"excerpt":{"rendered":"<p>Viz tak\u00e9 ud\u00e1losti<\/p>\n","protected":false},"author":1,"featured_media":0,"comment_status":"open","ping_status":"open","sticky":false,"template":"","format":"standard","meta":{"ngg_post_thumbnail":0,"footnotes":""},"categories":[3],"tags":[],"class_list":["post-665","post","type-post","status-publish","format-standard","hentry","category-aktualne"],"_links":{"self":[{"href":"https:\/\/www.spolek-amonit.cz\/index.php\/wp-json\/wp\/v2\/posts\/665","targetHints":{"allow":["GET"]}}],"collection":[{"href":"https:\/\/www.spolek-amonit.cz\/index.php\/wp-json\/wp\/v2\/posts"}],"about":[{"href":"https:\/\/www.spolek-amonit.cz\/index.php\/wp-json\/wp\/v2\/types\/post"}],"author":[{"embeddable":true,"href":"https:\/\/www.spolek-amonit.cz\/index.php\/wp-json\/wp\/v2\/users\/1"}],"replies":[{"embeddable":true,"href":"https:\/\/www.spolek-amonit.cz\/index.php\/wp-json\/wp\/v2\/comments?post=665"}],"version-history":[{"count":4,"href":"https:\/\/www.spolek-amonit.cz\/index.php\/wp-json\/wp\/v2\/posts\/665\/revisions"}],"predecessor-version":[{"id":672,"href":"https:\/\/www.spolek-amonit.cz\/index.php\/wp-json\/wp\/v2\/posts\/665\/revisions\/672"}],"wp:attachment":[{"href":"https:\/\/www.spolek-amonit.cz\/index.php\/wp-json\/wp\/v2\/media?parent=665"}],"wp:term":[{"taxonomy":"category","embeddable":true,"href":"https:\/\/www.spolek-amonit.cz\/index.php\/wp-json\/wp\/v2\/categories?post=665"},{"taxonomy":"post_tag","embeddable":true,"href":"https:\/\/www.spolek-amonit.cz\/index.php\/wp-json\/wp\/v2\/tags?post=665"}],"curies":[{"name":"wp","href":"https:\/\/api.w.org\/{rel}","templated":true}]}}