{"id":472,"date":"2017-05-29T12:53:29","date_gmt":"2017-05-29T10:53:29","guid":{"rendered":"http:\/\/www.spolek-amonit.cz\/?p=472"},"modified":"2022-03-09T09:34:31","modified_gmt":"2022-03-09T08:34:31","slug":"pripominka-oslava-letniho-slunovratu-23-25-6","status":"publish","type":"post","link":"https:\/\/www.spolek-amonit.cz\/index.php\/2017\/05\/29\/pripominka-oslava-letniho-slunovratu-23-25-6\/","title":{"rendered":"P\u0159\u00edpom\u00ednka &#8211; Oslava letn\u00edho slunovratu (23.-25.6)"},"content":{"rendered":"<p><a href=\"https:\/\/www.spolek-amonit.cz\/index.php\/event\/oslava-letniho-slunovratu\/\">Viz tak\u00e9 chystan\u00e9 chystan\u00e9 akce<\/a><\/p>\n<p><img loading=\"lazy\" decoding=\"async\" class=\"alignnone size-full wp-image-473\" src=\"https:\/\/www.spolek-amonit.cz\/wp-content\/uploads\/2017\/05\/Amonit_Oslava-letniho-slunovratu2017_plakat.png\" alt=\"\" height=\"842\" width=\"595\" srcset=\"https:\/\/www.spolek-amonit.cz\/wp-content\/uploads\/2017\/05\/Amonit_Oslava-letniho-slunovratu2017_plakat.png 595w, https:\/\/www.spolek-amonit.cz\/wp-content\/uploads\/2017\/05\/Amonit_Oslava-letniho-slunovratu2017_plakat-212x300.png 212w\" sizes=\"auto, (max-width: 595px) 100vw, 595px\" \/><\/p>\n","protected":false},"excerpt":{"rendered":"<p>Viz tak\u00e9 chystan\u00e9 chystan\u00e9 akce<\/p>\n","protected":false},"author":1,"featured_media":0,"comment_status":"open","ping_status":"open","sticky":false,"template":"","format":"standard","meta":{"ngg_post_thumbnail":0,"footnotes":""},"categories":[3],"tags":[],"class_list":["post-472","post","type-post","status-publish","format-standard","hentry","category-aktualne"],"_links":{"self":[{"href":"https:\/\/www.spolek-amonit.cz\/index.php\/wp-json\/wp\/v2\/posts\/472","targetHints":{"allow":["GET"]}}],"collection":[{"href":"https:\/\/www.spolek-amonit.cz\/index.php\/wp-json\/wp\/v2\/posts"}],"about":[{"href":"https:\/\/www.spolek-amonit.cz\/index.php\/wp-json\/wp\/v2\/types\/post"}],"author":[{"embeddable":true,"href":"https:\/\/www.spolek-amonit.cz\/index.php\/wp-json\/wp\/v2\/users\/1"}],"replies":[{"embeddable":true,"href":"https:\/\/www.spolek-amonit.cz\/index.php\/wp-json\/wp\/v2\/comments?post=472"}],"version-history":[{"count":1,"href":"https:\/\/www.spolek-amonit.cz\/index.php\/wp-json\/wp\/v2\/posts\/472\/revisions"}],"predecessor-version":[{"id":474,"href":"https:\/\/www.spolek-amonit.cz\/index.php\/wp-json\/wp\/v2\/posts\/472\/revisions\/474"}],"wp:attachment":[{"href":"https:\/\/www.spolek-amonit.cz\/index.php\/wp-json\/wp\/v2\/media?parent=472"}],"wp:term":[{"taxonomy":"category","embeddable":true,"href":"https:\/\/www.spolek-amonit.cz\/index.php\/wp-json\/wp\/v2\/categories?post=472"},{"taxonomy":"post_tag","embeddable":true,"href":"https:\/\/www.spolek-amonit.cz\/index.php\/wp-json\/wp\/v2\/tags?post=472"}],"curies":[{"name":"wp","href":"https:\/\/api.w.org\/{rel}","templated":true}]}}