{"id":422,"date":"2017-03-10T23:27:32","date_gmt":"2017-03-10T22:27:32","guid":{"rendered":"http:\/\/si-projekty-vyvoj.fit.cvut.cz\/wp\/?p=422"},"modified":"2022-03-09T09:43:02","modified_gmt":"2022-03-09T08:43:02","slug":"pripominka-oslava-jarni-rovnodennosti-2017","status":"publish","type":"post","link":"https:\/\/www.spolek-amonit.cz\/index.php\/2017\/03\/10\/pripominka-oslava-jarni-rovnodennosti-2017\/","title":{"rendered":"P\u0159ipom\u00ednka: oslava jarn\u00ed rovnodennosti 2017"},"content":{"rendered":"<p>viz tak\u00e9:&nbsp;<a href=\"https:\/\/www.spolek-amonit.cz\/index.php\/event\/oslava-jarni-rovnodennosti\/\" target=\"_blank\" rel=\"noopener\">Ud\u00e1losti<\/a><\/p>\n<p><img loading=\"lazy\" decoding=\"async\" class=\"alignnone size-large wp-image-420\" src=\"https:\/\/www.spolek-amonit.cz\/wp-content\/uploads\/2017\/03\/Amonit_Oslava-jarni-rovnodennosti_plakat_FlU-1-724x1024.png\" alt=\"\" height=\"743\" width=\"525\" srcset=\"https:\/\/www.spolek-amonit.cz\/wp-content\/uploads\/2017\/03\/Amonit_Oslava-jarni-rovnodennosti_plakat_FlU-1-724x1024.png 724w, https:\/\/www.spolek-amonit.cz\/wp-content\/uploads\/2017\/03\/Amonit_Oslava-jarni-rovnodennosti_plakat_FlU-1-212x300.png 212w, https:\/\/www.spolek-amonit.cz\/wp-content\/uploads\/2017\/03\/Amonit_Oslava-jarni-rovnodennosti_plakat_FlU-1-768x1086.png 768w\" sizes=\"auto, (max-width: 525px) 100vw, 525px\" \/><\/p>\n","protected":false},"excerpt":{"rendered":"<p>viz tak\u00e9:&nbsp;Ud\u00e1losti<\/p>\n","protected":false},"author":1,"featured_media":0,"comment_status":"open","ping_status":"open","sticky":false,"template":"","format":"image","meta":{"ngg_post_thumbnail":0,"footnotes":""},"categories":[3],"tags":[],"class_list":["post-422","post","type-post","status-publish","format-image","hentry","category-aktualne","post_format-post-format-image"],"_links":{"self":[{"href":"https:\/\/www.spolek-amonit.cz\/index.php\/wp-json\/wp\/v2\/posts\/422","targetHints":{"allow":["GET"]}}],"collection":[{"href":"https:\/\/www.spolek-amonit.cz\/index.php\/wp-json\/wp\/v2\/posts"}],"about":[{"href":"https:\/\/www.spolek-amonit.cz\/index.php\/wp-json\/wp\/v2\/types\/post"}],"author":[{"embeddable":true,"href":"https:\/\/www.spolek-amonit.cz\/index.php\/wp-json\/wp\/v2\/users\/1"}],"replies":[{"embeddable":true,"href":"https:\/\/www.spolek-amonit.cz\/index.php\/wp-json\/wp\/v2\/comments?post=422"}],"version-history":[{"count":3,"href":"https:\/\/www.spolek-amonit.cz\/index.php\/wp-json\/wp\/v2\/posts\/422\/revisions"}],"predecessor-version":[{"id":20326,"href":"https:\/\/www.spolek-amonit.cz\/index.php\/wp-json\/wp\/v2\/posts\/422\/revisions\/20326"}],"wp:attachment":[{"href":"https:\/\/www.spolek-amonit.cz\/index.php\/wp-json\/wp\/v2\/media?parent=422"}],"wp:term":[{"taxonomy":"category","embeddable":true,"href":"https:\/\/www.spolek-amonit.cz\/index.php\/wp-json\/wp\/v2\/categories?post=422"},{"taxonomy":"post_tag","embeddable":true,"href":"https:\/\/www.spolek-amonit.cz\/index.php\/wp-json\/wp\/v2\/tags?post=422"}],"curies":[{"name":"wp","href":"https:\/\/api.w.org\/{rel}","templated":true}]}}