{"id":20387,"date":"2022-04-12T17:28:44","date_gmt":"2022-04-12T15:28:44","guid":{"rendered":"https:\/\/www.spolek-amonit.cz\/?p=20387"},"modified":"2022-04-12T17:38:14","modified_gmt":"2022-04-12T15:38:14","slug":"plany-v-udoli","status":"publish","type":"post","link":"https:\/\/www.spolek-amonit.cz\/index.php\/2022\/04\/12\/plany-v-udoli\/","title":{"rendered":"Pl\u00e1ny v \u00dadol\u00ed"},"content":{"rendered":"\r\n<p>Aktivity Amonitu zvolna p\u0159esouv\u00e1me ze Sk\u0159idel do \u00dadol\u00ed Kr\u00e1l\u016f. Nikoliv v\u0161echny, Zimn\u00ed slunovrat a Jarn\u00ed rovnodennost budou (dokud budeme m\u00edt mo\u017enost) st\u00e1le ve Sk\u0159idlech. Pragmaticky, u\u017e jen proto, \u017ee v \u00fadol\u00ed takov\u00e9 z\u00e1zem\u00ed nem\u00e1me.<\/p>\r\n\r\n\r\n\r\n<p>Na prvn\u00edm v\u00edkednov\u00e9m setk\u00e1n\u00ed nov\u00e9ho Borisova L\u00f3\u017ee jsme prob\u00edrali rozvoj z\u00e1zem\u00ed v \u00fadol\u00ed. Pl\u00e1n jest celkem ambici\u00f3zn\u00ed, sest\u00e1v\u00e1 ze dvou etap:<\/p>\r\n\r\n\r\n\r\n<h2 class=\"wp-block-heading\">Etapa prvn\u00ed<\/h2>\r\n\r\n\r\n\r\n<ul class=\"wp-block-list\">\r\n<li>rekonstrukce Mar\u00edny, kterou Ajuta ji\u017e provedl. Nov\u00e1 podlaha, kamna, oblo\u017een\u00ed st\u011bn, dvoupostel, kuchy\u0148sk\u00e1 linka s v\u00fdhledem na \u00fadol\u00ed, venku st\u016fl s d\u0159ezem<\/li>\r\n<li>sprcha vedle brutaru s vlastn\u00ed n\u00e1dr\u017e\u00ed na konstrukci kv\u016fli tlaku vody<\/li>\r\n<li>po\u0159\u00edzen\u00ed Amonit\u00edho TeePee<\/li>\r\n<li>p\u0159\u00edprava prostoru na TeePee v m\u00edst\u011b ruiny domu<\/li>\r\n<li>po\u0159\u00edzen\u00ed je\u0161t\u011b jedn\u00e9 stavebn\u00ed bu\u0148ky<\/li>\r\n<\/ul>\r\n\r\n\r\n\r\n<h2 class=\"wp-block-heading\">Etapa druh\u00e1<\/h2>\r\n\r\n\r\n\r\n<ul class=\"wp-block-list\">\r\n<li>\u00faprava m\u00edsta ruiny p\u016fvodn\u00edho domu<\/li>\r\n<li>vytvo\u0159en\u00ed p\u00f3dia pro um\u00edst\u011bn\u00ed velk\u00e9ho stanu<\/li>\r\n<li>po\u0159\u00edzen\u00ed velk\u00e9ho stanu<\/li>\r\n<\/ul>\r\n","protected":false},"excerpt":{"rendered":"<p>Aktivity Amonitu zvolna p\u0159esouv\u00e1me ze Sk\u0159idel do \u00dadol\u00ed Kr\u00e1l\u016f. Nikoliv v\u0161echny, Zimn\u00ed slunovrat a Jarn\u00ed rovnodennost budou (dokud budeme m\u00edt mo\u017enost) st\u00e1le ve Sk\u0159idlech. Pragmaticky, u\u017e jen proto, \u017ee v &hellip; <\/p>\n<p class=\"link-more\"><a href=\"https:\/\/www.spolek-amonit.cz\/index.php\/2022\/04\/12\/plany-v-udoli\/\" class=\"more-link\">Pokra\u010dovat ve \u010dten\u00ed<span class=\"screen-reader-text\"> &#8222;Pl\u00e1ny v \u00dadol\u00ed&#8220;<\/span><\/a><\/p>\n","protected":false},"author":1,"featured_media":0,"comment_status":"open","ping_status":"open","sticky":false,"template":"","format":"standard","meta":{"ngg_post_thumbnail":0,"footnotes":""},"categories":[10,11],"tags":[],"class_list":["post-20387","post","type-post","status-publish","format-standard","hentry","category-blogy","category-nacelnik"],"_links":{"self":[{"href":"https:\/\/www.spolek-amonit.cz\/index.php\/wp-json\/wp\/v2\/posts\/20387","targetHints":{"allow":["GET"]}}],"collection":[{"href":"https:\/\/www.spolek-amonit.cz\/index.php\/wp-json\/wp\/v2\/posts"}],"about":[{"href":"https:\/\/www.spolek-amonit.cz\/index.php\/wp-json\/wp\/v2\/types\/post"}],"author":[{"embeddable":true,"href":"https:\/\/www.spolek-amonit.cz\/index.php\/wp-json\/wp\/v2\/users\/1"}],"replies":[{"embeddable":true,"href":"https:\/\/www.spolek-amonit.cz\/index.php\/wp-json\/wp\/v2\/comments?post=20387"}],"version-history":[{"count":4,"href":"https:\/\/www.spolek-amonit.cz\/index.php\/wp-json\/wp\/v2\/posts\/20387\/revisions"}],"predecessor-version":[{"id":20392,"href":"https:\/\/www.spolek-amonit.cz\/index.php\/wp-json\/wp\/v2\/posts\/20387\/revisions\/20392"}],"wp:attachment":[{"href":"https:\/\/www.spolek-amonit.cz\/index.php\/wp-json\/wp\/v2\/media?parent=20387"}],"wp:term":[{"taxonomy":"category","embeddable":true,"href":"https:\/\/www.spolek-amonit.cz\/index.php\/wp-json\/wp\/v2\/categories?post=20387"},{"taxonomy":"post_tag","embeddable":true,"href":"https:\/\/www.spolek-amonit.cz\/index.php\/wp-json\/wp\/v2\/tags?post=20387"}],"curies":[{"name":"wp","href":"https:\/\/api.w.org\/{rel}","templated":true}]}}