{"id":260,"global_id":"www.spolek-amonit.cz?id=260","global_id_lineage":["www.spolek-amonit.cz?id=260"],"author":"1","status":"publish","date":"2017-02-01 20:56:22","date_utc":"2017-02-01 19:56:22","modified":"2017-07-03 08:21:44","modified_utc":"2017-07-03 06:21:44","url":"https:\/\/www.spolek-amonit.cz\/index.php\/event\/samansky-tyden\/","rest_url":"https:\/\/www.spolek-amonit.cz\/index.php\/wp-json\/tribe\/events\/v1\/events\/260","title":"\u0160amansk\u00fd t\u00fdden","description":"<p class=\"western\">Program je p\u0159ipravov\u00e1n jako pom\u011brn\u011b intenzivn\u00ed, sebezku\u0161enostn\u00ed pobyt, jen\u017e umo\u017e\u0148uje \u00fa\u010dastn\u00edk\u016fm ur\u010dit\u00fd posun \u010di r\u016fst. K&nbsp;tomu je nutn\u00e1 pln\u00e1 pozornost, maxim\u00e1ln\u00ed nasazen\u00ed a v\u016fle vyu\u017e\u00edt techniky a\u017e na hranu jejich i sv\u00fdch mo\u017enost\u00ed. V\u011bdom\u011b pracujeme se silami, kter\u00e9 n\u00e1s nepochybn\u011b p\u0159esahuj\u00ed a kter\u00e9 nelze m\u00edt pln\u011b pod kontrolou. Je proto nutn\u00e9 kruh spole\u010denstv\u00ed otev\u0159\u00edt spole\u010dn\u011b a spole\u010dn\u011b t\u00e9\u017e vymezit prostor, kde se cel\u00fd proces bude odehr\u00e1vat. Ve\u0161ker\u00e1 pozornost \u00fa\u010dastn\u00edk\u016f bude b\u011bhem t\u00fddne zam\u011b\u0159ena dovnit\u0159 skupiny, co\u017e umo\u017en\u00ed zna\u010dn\u00fd stupe\u0148 otev\u0159en\u00ed, ale i zranitelnosti. N\u00e1sleduj\u00edc\u00ed hlubinn\u00e9 techniky pak budou prob\u00edhat v bezpe\u010d\u00ed vnit\u0159n\u00edho prost\u0159ed\u00ed spole\u010denstv\u00ed, kter\u00e9 je uzav\u0159eno p\u0159ed vn\u011bj\u0161\u00edmi vlivy.<\/p>\n<p class=\"western\"><a href=\"https:\/\/www.spolek-amonit.cz\/wp-content\/uploads\/2017\/07\/letacek-a4.pdf\" target=\"_blank\" rel=\"noopener noreferrer\"><img loading=\"lazy\" decoding=\"async\" class=\"wp-image-486 size-large aligncenter\" src=\"https:\/\/www.spolek-amonit.cz\/wp-content\/uploads\/2017\/07\/pozvani-obrazek-1024x683.png\" alt=\"\" width=\"525\" height=\"350\" srcset=\"https:\/\/www.spolek-amonit.cz\/wp-content\/uploads\/2017\/07\/pozvani-obrazek-1024x683.png 1024w, https:\/\/www.spolek-amonit.cz\/wp-content\/uploads\/2017\/07\/pozvani-obrazek-300x200.png 300w, https:\/\/www.spolek-amonit.cz\/wp-content\/uploads\/2017\/07\/pozvani-obrazek-768x512.png 768w, https:\/\/www.spolek-amonit.cz\/wp-content\/uploads\/2017\/07\/pozvani-obrazek.png 1707w\" sizes=\"auto, (max-width: 525px) 100vw, 525px\" \/><\/a><\/p>\n<p class=\"western\" style=\"text-align: center;\"><strong><a href=\"https:\/\/www.spolek-amonit.cz\/wp-content\/uploads\/2017\/07\/letacek-a4.pdf\" target=\"_blank\" rel=\"noopener noreferrer\">Let\u00e1\u010dek s dal\u0161\u00edmi informacemi.<\/a><\/strong><\/p>\n<p class=\"western\">K&nbsp;akci se proto nen\u00ed v&nbsp;\u017e\u00e1dn\u00e9m p\u0159\u00edpad\u011b mo\u017en\u00e9 p\u0159ipojit po za\u010d\u00e1tku, stejn\u011b jako nen\u00ed mo\u017en\u00e9 v&nbsp;pr\u016fb\u011bhu na \u010das odjet a pot\u00e9 se vr\u00e1tit. Samoz\u0159ejm\u011b je mo\u017en\u00e9 akci p\u0159ed\u010dasn\u011b opustit, nicm\u00e9n\u011b vzhledem k&nbsp;prob\u00edhaj\u00edc\u00edm proces\u016fm se jedn\u00e1 o vlastn\u00ed zodpov\u011bdnost doty\u010dn\u00e9ho a my to rozhodn\u011b nedoporu\u010dujeme. P\u0159ed\u010dasn\u00e9 ukon\u010den\u00ed procesu napl\u00e1novan\u00e9ho na cel\u00fdch 10 dn\u016f m\u016f\u017ee b\u00fdt nebezpe\u010dn\u00e9.<\/p>\n<p class=\"western\">Za jist\u00fdch okolnost\u00ed je mo\u017en\u00e9 p\u0159ijet pouze na prvn\u00ed v\u00edkend, tj. od p\u00e1tku 18. 8. do ned\u011ble 20. 8. Tuto mo\u017enost je nicm\u00e9n\u011b t\u0159eba s&nbsp;n\u00e1mi konzultovat.<\/p>\n<p class=\"western\">S pobytem d\u011bt\u00ed v\u011bku rozli\u010dn\u00e9ho se po\u010d\u00edt\u00e1. Jejich zam\u011bstn\u00e1n\u00ed\/zabaven\u00ed, nebudou-li s to se z\u00fa\u010dastnit technik, \u0159e\u0161\u00edme operativn\u011b podle toho, jak se sejdou a jak\u00e9ho v\u011bku. Rodi\u010de nicm\u00e9n\u011b mus\u00ed po\u010d\u00edtat s&nbsp;t\u00edm, \u017ee pokud jejich d\u00edt\u011b vy\u017eaduje jejich p\u0159\u00edtomnost a nezabav\u00ed se samo, n\u011bkter\u00e9 mimo\u0159\u00e1dn\u011b intenzivn\u00ed techniky budou muset o\u017eelet.<\/p>\n<p class=\"western\">Cenu se sna\u017e\u00edme dr\u017eet na takov\u00e9 \u00farovni, aby se na\u0161ich t\u00fddn\u016f mohl v&nbsp;z\u00e1sad\u011b z\u00fa\u010dastnit ka\u017ed\u00fd. V&nbsp;cen\u011b je zapo\u010d\u00edt\u00e1na kompletn\u00ed strava po celou dobu trv\u00e1n\u00ed (10 dn\u00ed), ubytov\u00e1n\u00ed, v\u011bt\u0161ina pot\u0159eb k&nbsp;technik\u00e1m a program na cel\u00fdch 10 dn\u00ed.<\/p>\n<p class=\"western\">V&nbsp;p\u0159\u00edpad\u011b d\u011btsk\u00fdch \u00fa\u010dastn\u00edk\u016f se cena z\u00e1sadn\u011b odv\u00edj\u00ed od jejich v\u011bku. Je nutno se s&nbsp;n\u00e1mi spojit.<\/p>\n<p class=\"western\">Cena p\u0159\u00edpadn\u00e9ho pobytu jen po dobu po\u010d\u00e1te\u010dn\u00edho v\u00edkendu je 2000 K\u010d.<\/p>\n<p class=\"western\">V\u00e1\u017en\u00ed z\u00e1jemci, osv\u011bte se, pros\u00edm, na <a href=\"mailto:spolek.amonit@gmail.com\">spolek.amonit@gmail.com<\/a><\/p>","excerpt":"","slug":"samansky-tyden","image":false,"all_day":true,"start_date":"2017-08-18 00:00:00","start_date_details":{"year":"2017","month":"08","day":"18","hour":"00","minutes":"00","seconds":"00"},"end_date":"2017-08-27 23:59:59","end_date_details":{"year":"2017","month":"08","day":"27","hour":"23","minutes":"59","seconds":"59"},"utc_start_date":"2017-08-17 22:00:00","utc_start_date_details":{"year":"2017","month":"08","day":"17","hour":"22","minutes":"00","seconds":"00"},"utc_end_date":"2017-08-27 21:59:59","utc_end_date_details":{"year":"2017","month":"08","day":"27","hour":"21","minutes":"59","seconds":"59"},"timezone":"Europe\/Prague","timezone_abbr":"CEST","cost":"5000K\u010d","cost_details":{"currency_symbol":"K\u010d","currency_code":"","currency_position":"suffix","values":["5000"]},"website":"","show_map":false,"show_map_link":true,"hide_from_listings":false,"sticky":false,"featured":false,"categories":[],"tags":[],"venue":{"id":373,"author":"1","status":"publish","date":"2017-02-04 23:44:12","date_utc":"2017-02-04 22:44:12","modified":"2017-04-08 14:15:25","modified_utc":"2017-04-08 12:15:25","url":"https:\/\/www.spolek-amonit.cz\/index.php\/misto-konani\/skridla-8\/","venue":"Sk\u0159idla 8","description":"<p><strong>parkovat<\/strong> lze p\u0159\u00edmo p\u0159ed statkem<\/p>\n<ul>\n<li><strong>vlakem<\/strong> je mo\u017eno jet\n<ul>\n<li>bu\u010f to stanice&nbsp;<span style=\"font-size: 1rem;\"><strong>Vele\u0161\u00edn n\u00e1dra\u017e\u00ed<\/strong> (pak p\u011b\u0161ky cca 2km po silnici, sm\u011br Mojn\u00e9) <\/span><\/li>\n<li><span style=\"font-size: 1rem;\">nebo <strong>Vele\u0161\u00edn m\u011bstys<\/strong> a pak pod\u00e9l kolej\u00ed ve sm\u011bru vlaku cca 1km<\/span><\/li>\n<\/ul>\n<\/li>\n<li><strong>autobusem<\/strong> do Vele\u0161\u00edna a pak p\u011b\u0161ky<\/li>\n<li>ve S\u0159idlech je t\u0159eba proj\u00edt p\u0159es n\u00e1ves&nbsp;<\/li>\n<li>ke statku vede z n\u00e1vsi nezpevn\u011bn\u00e1 cesta (cca 100m) v\u00fdchodo-vychodo ji\u017en\u00edm sm\u011brem&nbsp;<\/li>\n<\/ul>\n<p>&nbsp;<\/p>","slug":"skridla-8","address":"Sk\u0159\u00eddla 8","city":" Vele\u0161\u00edn","country":"\u010cesk\u00e1 republika","province":"Jiho\u010desk\u00fd","zip":"382 32","stateprovince":"Jiho\u010desk\u00fd","json_ld":{"@type":"Place","name":"Sk\u0159idla 8","description":"&lt;p&gt;parkovat lze p\u0159\u00edmo p\u0159ed statkem vlakem je mo\u017eno jet bu\u010f to stanice&nbsp;Vele\u0161\u00edn n\u00e1dra\u017e\u00ed (pak p\u011b\u0161ky cca 2km po silnici, sm\u011br Mojn\u00e9) nebo Vele\u0161\u00edn m\u011bstys a pak pod\u00e9l kolej\u00ed ve sm\u011bru &hellip; &lt;\/p&gt;\\n&lt;p class=&quot;link-more&quot;&gt;&lt;a href=&quot;https:\/\/www.spolek-amonit.cz\/index.php\/misto-konani\/skridla-8\/&quot; class=&quot;more-link&quot;&gt;Pokra\u010dovat ve \u010dten\u00ed&lt;span class=&quot;screen-reader-text&quot;&gt; &quot;Sk\u0159idla 8&quot;&lt;\/span&gt;&lt;\/a&gt;&lt;\/p&gt;\\n","url":"","address":{"@type":"PostalAddress","streetAddress":"Sk\u0159\u00eddla 8","addressLocality":" Vele\u0161\u00edn","addressRegion":"Jiho\u010desk\u00fd","postalCode":"382 32","addressCountry":"\u010cesk\u00e1 republika"},"telephone":"","sameAs":""},"show_map":true,"show_map_link":true,"global_id":"www.spolek-amonit.cz?id=373","global_id_lineage":["www.spolek-amonit.cz?id=373"]},"organizer":[{"id":376,"author":"1","status":"publish","date":"2017-02-04 23:58:17","date_utc":"2017-02-04 22:58:17","modified":"2017-02-04 23:58:17","modified_utc":"2017-02-04 22:58:17","url":"https:\/\/www.spolek-amonit.cz\/index.php\/poradatel\/amonit\/","organizer":"Amonit","slug":"amonit","json_ld":{"@type":"Person","name":"Amonit","description":"","url":"","telephone":"","email":"","sameAs":""},"global_id":"www.spolek-amonit.cz?id=376","global_id_lineage":["www.spolek-amonit.cz?id=376"]}],"json_ld":{"@context":"http:\/\/schema.org","@type":"Event","name":"\u0160amansk\u00fd t\u00fdden","description":"&lt;p&gt;Program je p\u0159ipravov\u00e1n jako pom\u011brn\u011b intenzivn\u00ed, sebezku\u0161enostn\u00ed pobyt, jen\u017e umo\u017e\u0148uje \u00fa\u010dastn\u00edk\u016fm ur\u010dit\u00fd posun \u010di r\u016fst. K&nbsp;tomu je nutn\u00e1 pln\u00e1 pozornost, maxim\u00e1ln\u00ed nasazen\u00ed a v\u016fle vyu\u017e\u00edt techniky a\u017e na hranu jejich &hellip; &lt;\/p&gt;\\n&lt;p class=&quot;link-more&quot;&gt;&lt;a href=&quot;https:\/\/www.spolek-amonit.cz\/index.php\/event\/samansky-tyden\/&quot; class=&quot;more-link&quot;&gt;Pokra\u010dovat ve \u010dten\u00ed&lt;span class=&quot;screen-reader-text&quot;&gt; &quot;\u0160amansk\u00fd t\u00fdden&quot;&lt;\/span&gt;&lt;\/a&gt;&lt;\/p&gt;\\n","url":"https:\/\/www.spolek-amonit.cz\/index.php\/event\/samansky-tyden\/","eventAttendanceMode":"https:\/\/schema.org\/OfflineEventAttendanceMode","eventStatus":"https:\/\/schema.org\/EventScheduled","startDate":"2017-08-18T00:00:00+02:00","endDate":"2017-08-27T23:59:59+02:00","location":{"@type":"Place","name":"Sk\u0159idla 8","description":"&lt;p&gt;parkovat lze p\u0159\u00edmo p\u0159ed statkem vlakem je mo\u017eno jet bu\u010f to stanice&nbsp;Vele\u0161\u00edn n\u00e1dra\u017e\u00ed (pak p\u011b\u0161ky cca 2km po silnici, sm\u011br Mojn\u00e9) nebo Vele\u0161\u00edn m\u011bstys a pak pod\u00e9l kolej\u00ed ve sm\u011bru &hellip; &lt;\/p&gt;\\n&lt;p class=&quot;link-more&quot;&gt;&lt;a href=&quot;https:\/\/www.spolek-amonit.cz\/index.php\/misto-konani\/skridla-8\/&quot; class=&quot;more-link&quot;&gt;Pokra\u010dovat ve \u010dten\u00ed&lt;span class=&quot;screen-reader-text&quot;&gt; &quot;Sk\u0159idla 8&quot;&lt;\/span&gt;&lt;\/a&gt;&lt;\/p&gt;\\n","url":"","address":{"@type":"PostalAddress","streetAddress":"Sk\u0159\u00eddla 8","addressLocality":" Vele\u0161\u00edn","addressRegion":"Jiho\u010desk\u00fd","postalCode":"382 32","addressCountry":"\u010cesk\u00e1 republika"},"telephone":"","sameAs":""},"organizer":{"@type":"Person","name":"Amonit","description":"","url":"","telephone":"","email":"","sameAs":""},"offers":{"@type":"Offer","price":"5000","priceCurrency":"USD","url":"https:\/\/www.spolek-amonit.cz\/index.php\/event\/samansky-tyden\/","category":"primary","availability":"inStock","validFrom":"2017-02-01T00:00:00+00:00"},"performer":"Organization"}}